{"id":712,"date":"2018-03-08T12:58:29","date_gmt":"2018-03-08T11:58:29","guid":{"rendered":"https:\/\/rhjodoigne.be\/?p=712"},"modified":"2018-05-24T21:23:40","modified_gmt":"2018-05-24T19:23:40","slug":"quand-brel-defie-les-usala-battle","status":"publish","type":"post","link":"https:\/\/rhjodoigne.be\/index.php\/fr\/2018\/03\/08\/quand-brel-defie-les-usala-battle\/","title":{"rendered":"Quand Brel d\u00e9fie les USA\u2026 La Battle !"},"content":{"rendered":"<p><img loading=\"lazy\" decoding=\"async\" class=\"wp-image-713 aligncenter\" src=\"https:\/\/rhjodoigne.be\/wp-content\/uploads\/2018\/03\/Affiche-Gala-2018-225x300.png\" alt=\"\" width=\"333\" height=\"444\" srcset=\"https:\/\/rhjodoigne.be\/wp-content\/uploads\/2018\/03\/Affiche-Gala-2018-225x300.png 225w, https:\/\/rhjodoigne.be\/wp-content\/uploads\/2018\/03\/Affiche-Gala-2018-768x1024.png 768w, https:\/\/rhjodoigne.be\/wp-content\/uploads\/2018\/03\/Affiche-Gala-2018.png 1008w\" sizes=\"(max-width: 333px) 100vw, 333px\" \/><\/p>\n<p>Quand Brel d\u00e9fie les USA\u2026La Battle !<br \/>\nD\u2019un c\u00f4t\u00e9 les USA avec Bernstein, Gershwin,\u2026 et de l\u2019autre, le Grand Jacques.<br \/>\nD\u2019un c\u00f4t\u00e9 au piano, Laurent Beeckmans, de l\u2019autre, S\u00e9bastien Cools au chant<br \/>\nAu milieu, la Royale Harmonie de Jodoigne sous la baguette de St\u00e9phane Vandesande, le tout pour un concert \u00e0 ne pas manquer !<br \/>\nR\u00e9servez d\u00e8s \u00e0 pr\u00e9sent en appelant le 0474\/84.23.17 ou par mail \u00e0 info@rhjodoigne.be<\/p>\n<p><span style=\"color: #000000;\"><strong>S\u00e9bastien Cools<\/strong><\/span><br \/>\n<span style=\"color: #808080;\">S\u00e9bastien COOLS interpr\u00e8te le Grand Jacques depuis pr\u00e8s de 20 ans !<\/span><br \/>\n<span style=\"color: #808080;\"> 1er prix de chant au Conservatoire Royal de Musique de Bruxelles, finaliste \u00e0 l&rsquo;\u00e9mission de la RTBF \u00ab POUR LA GLOIRE \u00bb et \u00e0 la s\u00e9lection belge de l&rsquo;Eurovision en 2011, il n&rsquo;en est pas \u00e0 son coup d&rsquo;essai. S\u00e9bastien Cools et ses musiciens se sont d\u00e9j\u00e0 produits dans le cadre du \u00ab\u00a0Printemps Musical de Silly\u00a0\u00bb, \u00ab\u00a0Etoiles en devenir\u00a0\u00bb \u00e0 Lessines, le Festival du Film d&rsquo;Amour de Mons, au Flanders Expo de Gand,&#8230; De plus, les interpr\u00e9tations appr\u00e9ci\u00e9es de Jacques Brel les ont amen\u00e9s \u00e0 se produire hors des fronti\u00e8res belges (France, Italie, Pologne,&#8230;).<\/span><br \/>\n<span style=\"color: #808080;\"> S\u00e9bastien Cools n&rsquo;est d&rsquo;aucune fa\u00e7on un imitateur de Brel, se diff\u00e9renciant de son mod\u00e8le par le timbre de voix ou l&rsquo;attitude sur sc\u00e8ne, il donne sa propre interpr\u00e9tation, non d\u00e9pourvue de po\u00e9sie et d&rsquo;\u00e9motion, des textes du Grand Jacques.<\/span><br \/>\n<span style=\"color: #808080;\"> Cette fois, il sera accompagn\u00e9 par Laurent Beeckmans au piano et la Royale Harmonie de Jodoigne sous la baguette de son talentueux directeur musical St\u00e9phane Vandesande.<\/span><\/p>\n<p>&nbsp;<\/p>\n<p><strong><span style=\"color: #000000;\">Laurent Beeckmans<\/span><\/strong><\/p>\n<p>Musicien et math\u00e9maticien n\u00e9 \u00e0 Enghien (Belgique), Laurent Beeckmans est un personnage aux multiples facettes : professeur, pianiste, compositeur, arrangeur, il s&rsquo;investit dans de nombreux projets, explorant sans cesse des directions nouvelles. Apr\u00e8s l&rsquo;\u00e9tude pr\u00e9paratoire du piano et de la percussion \u00e0 l&rsquo;acad\u00e9mie de musique d&rsquo;Enghien, Laurent Beeckmans a poursuivi l&rsquo;\u00e9tude de la musique au Conservatoire Royal de Bruxelles o\u00f9 il a obtenu de nombreux premiers prix : piano (chez Evgeny Moguilevsky), piano d&rsquo;accompagnement, musique de chambre, solf\u00e8ge, harmonie, histoire de la musique, ainsi que les dipl\u00f4mes sup\u00e9rieurs d&rsquo;Analyse Musicale et de Musique de Chambre. En marge de cet apprentissage acad\u00e9mique, c&rsquo;est surtout sa curiosit\u00e9 pour l&rsquo;insolite et son envie constante d&rsquo;\u00e9largir son horizon musical qui ont forg\u00e9 sa personnalit\u00e9 \u00e9clectique. Pianiste-accompagnateur appr\u00e9ci\u00e9, il se produit souvent dans des concerts de musique de chambre, mais aussi en tant que soliste dans un r\u00e9pertoire privil\u00e9giant les compositeurs fran\u00e7ais, anglo-saxons et nordiques. Parmi ceux-ci, il affectionne particuli\u00e8rement Edvard Grieg, qu&rsquo;il a \u00e9t\u00e9 invit\u00e9 \u00e0 interpr\u00e9ter souvent depuis 2002 dans le cadre de la s\u00e9rie de concerts Sechs Konzerte f\u00fcr Edvard Grieg \u00e0 M\u00fcnster en Allemagne, et pour lequel il a aussi organis\u00e9 le Festival Grieg 2007, constitu\u00e9 d&rsquo;une vingtaine de concerts de musique de chambre \u00e0 la Maison de la Musique (Hoeilaert), l&rsquo;acad\u00e9mie de musique d&rsquo;Auderghem et De Rode Pomp (Gand). Par ailleurs, il a enregistr\u00e9 en 1998 en compagnie de Maud Van Thienen un CD consacr\u00e9 aux \u0153uvres pour deux pianos de l&rsquo;australien Percy Grainger. Actuellement, il travaille r\u00e9guli\u00e8rement avec le violoncelliste fran\u00e7ais Francis Mourey et le pianiste Pieter Dhoore, avec lequel il forme un duo de piano \u00e0 4 mains sp\u00e9cialis\u00e9 dans les arrangements d&rsquo;\u0153uvres orchestrales. Laurent Beeckmans s&rsquo;est \u00e9galement sp\u00e9cialis\u00e9 dans l&rsquo;arrangement d&rsquo;\u0153uvres diverses pour 2 pianos, parmi lesquelles les Danses Polovtsiennes de Borodine et Les Biches de Francis Poulenc. Ses nombreux arrangements, que ce soit dans le domaine classique, le jazz, la chanson ou la musique traditionnelle, expriment son d\u00e9sir de d\u00e9cloisonner les diff\u00e9rents genres musicaux. Entre 1999 et 2007 il a arrang\u00e9 un grand nombre d&rsquo;\u0153uvres de styles vari\u00e9s pour des ensembles de 2 \u00e0 8 pianos dans le cadre du spectacle des Pianofolies lors de l&rsquo;\u00e9dition annuelle de la F\u00eate de la Musique. Depuis 2007, il a cr\u00e9\u00e9 le collectif de musiciens Geyser Music, qui produit r\u00e9guli\u00e8rement des concerts th\u00e9matiques \u00e0 plusieurs pianos dans un environnement original alliant le son \u00e0 l&rsquo;image par le biais de projections audio-visuelles. Dans le domaine de la composition, Laurent Beeckmans est l&rsquo;auteur d&rsquo;\u0153uvres pour piano (Danses dans le mode de si pour 4 mains, une Sonatine, une Sonate, les Variations sur le nom de Grieg), d&rsquo;une Suite pour orgue (cr\u00e9\u00e9e en 2003 \u00e0 M\u00fcnster en Allemagne). Son \u0153uvre la plus importante \u00e0 cette date est le Concerto pour piano et orchestre en si mineur, d&rsquo;apr\u00e8s les fragments d&rsquo;un concerto inachev\u00e9 d&rsquo;Edvard Grieg, \u0153uvre cr\u00e9\u00e9e \u00e0 Londres le 3 mai 2003. La m\u00eame ann\u00e9e, deux de ses \u0153uvres ont \u00e9t\u00e9 prim\u00e9es dans des concours internationaux : la pi\u00e8ce pour ch\u0153ur a cappella The Rainbow a remport\u00e9 le premier prix du concours de la Fondation Jan Vermulst dans le cadre du Festival Europa Cantat \u00e0 Barcelone et Dona Nobis Pacem, oratorio miniature pour ch\u0153ur et orchestre d&rsquo;harmonie, a \u00e9t\u00e9 prim\u00e9 au concours de l&rsquo;APSAM (Association pour la Promotion des Soci\u00e9t\u00e9s d&rsquo;Art Musical de la province de Li\u00e8ge). Ses \u0153uvres ont d\u00e9j\u00e0 \u00e9t\u00e9 ex\u00e9cut\u00e9es dans de nombreux pays europ\u00e9ens, ainsi qu&rsquo;au Mexique et au Canada. Parall\u00e8lement \u00e0 sa formation musicale, Laurent Beeckmans a \u00e9tudi\u00e9 les math\u00e9matiques \u00e0 l&rsquo;Universit\u00e9 Libre de Bruxelles et \u00e0 l&rsquo;University of East Anglia en Angleterre. Titulaire d&rsquo;une Licence (1989) et d&rsquo;un Doctorat (1996), il enseigne actuellement \u00e0 l&rsquo;Ecole Sup\u00e9rieure d&rsquo;Informatique de Bruxelles.<\/p>\n","protected":false},"excerpt":{"rendered":"<p>Quand Brel d\u00e9fie les USA\u2026La Battle ! D\u2019un c\u00f4t\u00e9 les USA avec Bernstein, Gershwin,\u2026 et de l\u2019autre, le Grand Jacques. D\u2019un c\u00f4t\u00e9 au piano, Laurent Beeckmans, de l\u2019autre, S\u00e9bastien Cools au chant Au milieu, la Royale Harmonie de Jodoigne sous la baguette de St\u00e9phane Vandesande, le tout pour un concert&#8230;<\/p>\n","protected":false},"author":9,"featured_media":0,"comment_status":"closed","ping_status":"open","sticky":false,"template":"","format":"standard","meta":{"footnotes":""},"categories":[20],"tags":[],"_links":{"self":[{"href":"https:\/\/rhjodoigne.be\/index.php\/wp-json\/wp\/v2\/posts\/712"}],"collection":[{"href":"https:\/\/rhjodoigne.be\/index.php\/wp-json\/wp\/v2\/posts"}],"about":[{"href":"https:\/\/rhjodoigne.be\/index.php\/wp-json\/wp\/v2\/types\/post"}],"author":[{"embeddable":true,"href":"https:\/\/rhjodoigne.be\/index.php\/wp-json\/wp\/v2\/users\/9"}],"replies":[{"embeddable":true,"href":"https:\/\/rhjodoigne.be\/index.php\/wp-json\/wp\/v2\/comments?post=712"}],"version-history":[{"count":4,"href":"https:\/\/rhjodoigne.be\/index.php\/wp-json\/wp\/v2\/posts\/712\/revisions"}],"predecessor-version":[{"id":750,"href":"https:\/\/rhjodoigne.be\/index.php\/wp-json\/wp\/v2\/posts\/712\/revisions\/750"}],"wp:attachment":[{"href":"https:\/\/rhjodoigne.be\/index.php\/wp-json\/wp\/v2\/media?parent=712"}],"wp:term":[{"taxonomy":"category","embeddable":true,"href":"https:\/\/rhjodoigne.be\/index.php\/wp-json\/wp\/v2\/categories?post=712"},{"taxonomy":"post_tag","embeddable":true,"href":"https:\/\/rhjodoigne.be\/index.php\/wp-json\/wp\/v2\/tags?post=712"}],"curies":[{"name":"wp","href":"https:\/\/api.w.org\/{rel}","templated":true}]}}